[{"@context":"https:\/\/schema.org\/","@type":"Article","@id":"https:\/\/www.nakliv.cz\/abychom-si-leto-umeli-uzit\/#Article","mainEntityOfPage":"https:\/\/www.nakliv.cz\/abychom-si-leto-umeli-uzit\/","headline":"Abychom si l\u00e9to um\u011bli u\u017e\u00edt","name":"Abychom si l\u00e9to um\u011bli u\u017e\u00edt","description":"V letn\u00edch dnech se t\u011b\u0161\u00edme na spoustu slun\u00ed\u010dka, tepl\u00e9 po\u010das\u00ed a dny, kter\u00e9 m\u016f\u017eeme str\u00e1vit cel\u00e9 u rybn\u00edk\u016f, p\u0159ehrad nebo na koupali\u0161ti. U\u017e m\u00e9n\u011b se v\u0161ak t\u011b\u0161\u00edme na hork\u00e9 dny, kter\u00e9 dok\u00e1\u017e\u00ed b\u00fdt velmi \u00fanavn\u00e9. A pokud v takov\u00fdch dnech mus\u00edme pracovat, je pro n\u00e1s ka\u017ed\u00e1 z \u010dinnost\u00ed mnohem n\u00e1ro\u010dn\u011bj\u0161\u00ed, ne\u017e kdybychom ji vykon\u00e1vali v [&hellip;]","datePublished":"2024-12-06","dateModified":"2024-12-06","author":{"@type":"Person","@id":"https:\/\/www.nakliv.cz\/author\/#Person","name":"nakliv.cz\n","url":"https:\/\/www.nakliv.cz\/author\/","identifier":1,"image":{"@type":"ImageObject","@id":"https:\/\/secure.gravatar.com\/avatar\/c192bfd1262e8256fe3eac43754b6ece89624ea6667e488d9445cc2d04372644?s=96&d=mm&r=g","url":"https:\/\/secure.gravatar.com\/avatar\/c192bfd1262e8256fe3eac43754b6ece89624ea6667e488d9445cc2d04372644?s=96&d=mm&r=g","height":96,"width":96}},"publisher":{"@type":"Organization","name":"nakliv.cz","logo":{"@type":"ImageObject","@id":"\/logo.png","url":"\/logo.png","width":600,"height":60}},"url":"https:\/\/www.nakliv.cz\/abychom-si-leto-umeli-uzit\/","wordCount":240,"articleBody":" V letn\u00edch dnech se t\u011b\u0161\u00edme na spoustu slun\u00ed\u010dka, tepl\u00e9 po\u010das\u00ed a dny, kter\u00e9 m\u016f\u017eeme str\u00e1vit cel\u00e9 u rybn\u00edk\u016f, p\u0159ehrad nebo na koupali\u0161ti. U\u017e m\u00e9n\u011b se v\u0161ak t\u011b\u0161\u00edme na hork\u00e9 dny, kter\u00e9 dok\u00e1\u017e\u00ed b\u00fdt velmi \u00fanavn\u00e9. A pokud v takov\u00fdch dnech mus\u00edme pracovat, je pro n\u00e1s ka\u017ed\u00e1 z \u010dinnost\u00ed mnohem n\u00e1ro\u010dn\u011bj\u0161\u00ed, ne\u017e kdybychom ji vykon\u00e1vali v chladn\u011bj\u0161\u00edm po\u010das\u00ed. Pro ka\u017edou dom\u00e1cnost a pro ka\u017edou kancel\u00e1\u0159 se tak stojanov\u00fd ventil\u00e1tor st\u00e1v\u00e1 nepostradateln\u00fdm pomocn\u00edkem. V \u0159ad\u011b firem u\u017e m\u00e1 dokonce ka\u017ed\u00fd zam\u011bstnanec sv\u016fj vlastn\u00ed, aby nevznikaly spory o jeho nastaven\u00ed. Jak\u00fd si po\u0159\u00edd\u00edte vy? T\u0159i t\u00fddny horka Samoz\u0159ejm\u011b, \u017ee se v\u0161ichni t\u011b\u0161\u00edme na letn\u00ed m\u011bs\u00edce a spoustu slun\u00ed\u010dka. Ale tvrzen\u00ed o tom, \u017ee v\u0161eho moc \u0161kod\u00ed, plat\u00ed i v tomto p\u0159\u00edpad\u011b. Sta\u010d\u00ed n\u011bkolik m\u00e1lo hork\u00fdch dn\u00ed za sebou a u\u017e se c\u00edt\u00edme velmi unaveni a vy\u010derp\u00e1ni. V takov\u00fdch dnech v\u00e1m m\u016f\u017ee pomoci jen jedin\u00e9! Po\u0159\u00eddit si dom\u016f v\u00fdkonn\u00fd stojanov\u00fd ventil\u00e1tor. Jedn\u00e1 se o velmi malou investici, ale dok\u00e1\u017ee v\u00e1m p\u0159in\u00e9st rychlou \u00falevu, zejm\u00e9na v obdob\u00edch, kdy hork\u00e9 dny trvaj\u00ed bez p\u0159eru\u0161en\u00ed dlouh\u00e9 t\u00fddny.                                                                                                                                                                                                                                                                                                                                                                                        5\/5 - (3 votes)        "},{"@context":"https:\/\/schema.org\/","@type":"BreadcrumbList","itemListElement":[{"@type":"ListItem","position":1,"name":"Abychom si l\u00e9to um\u011bli u\u017e\u00edt","item":"https:\/\/www.nakliv.cz\/abychom-si-leto-umeli-uzit\/#breadcrumbitem"}]}]