{"@context":"https:\/\/schema.org\/","@type":"CollectionPage","@id":"https:\/\/www.nakliv.cz\/nakupy\/#CollectionPage","headline":"N\u00e1kupy Category","description":"","url":"https:\/\/www.nakliv.cz\/nakupy\/","hasPart":[{"@type":"Article","@id":"https:\/\/www.nakliv.cz\/vsadte-na-to-nejlepsi\/","headline":"Vsa\u010fte na to nejlep\u0161\u00ed","url":"https:\/\/www.nakliv.cz\/vsadte-na-to-nejlepsi\/","datePublished":"2017-12-22","dateModified":"2023-05-05","mainEntityOfPage":"https:\/\/www.nakliv.cz\/vsadte-na-to-nejlepsi\/","author":{"@type":"Person","@id":"https:\/\/www.nakliv.cz\/author\/#Person","name":"nakliv.cz\n","url":"https:\/\/www.nakliv.cz\/author\/","identifier":1,"image":{"@type":"ImageObject","@id":"https:\/\/secure.gravatar.com\/avatar\/c192bfd1262e8256fe3eac43754b6ece89624ea6667e488d9445cc2d04372644?s=96&d=mm&r=g","url":"https:\/\/secure.gravatar.com\/avatar\/c192bfd1262e8256fe3eac43754b6ece89624ea6667e488d9445cc2d04372644?s=96&d=mm&r=g","height":96,"width":96}},"publisher":{"@type":"Organization","name":"nakliv.cz","logo":{"@type":"ImageObject","@id":"\/logo.png","url":"\/logo.png","width":600,"height":60}},"image":{"@type":"ImageObject","@id":"https:\/\/www.nakliv.cz\/wp-content\/uploads\/img_a306212_w2202_t1517391525.jpg","url":"https:\/\/www.nakliv.cz\/wp-content\/uploads\/img_a306212_w2202_t1517391525.jpg","height":0,"width":0},"keywords":null},{"@type":"Article","@id":"https:\/\/www.nakliv.cz\/poridte-si-svuj-kousek-pudy-ktery-bude-jen-a-jen-vas\/","headline":"Po\u0159i\u010fte si sv\u016fj kousek p\u016fdy, kter\u00fd bude jen a jen v\u00e1\u0161","url":"https:\/\/www.nakliv.cz\/poridte-si-svuj-kousek-pudy-ktery-bude-jen-a-jen-vas\/","datePublished":"2017-12-20","dateModified":"2023-05-05","mainEntityOfPage":"https:\/\/www.nakliv.cz\/poridte-si-svuj-kousek-pudy-ktery-bude-jen-a-jen-vas\/","author":{"@type":"Person","@id":"https:\/\/www.nakliv.cz\/author\/#Person","name":"nakliv.cz\n","url":"https:\/\/www.nakliv.cz\/author\/","identifier":1,"image":{"@type":"ImageObject","@id":"https:\/\/secure.gravatar.com\/avatar\/c192bfd1262e8256fe3eac43754b6ece89624ea6667e488d9445cc2d04372644?s=96&d=mm&r=g","url":"https:\/\/secure.gravatar.com\/avatar\/c192bfd1262e8256fe3eac43754b6ece89624ea6667e488d9445cc2d04372644?s=96&d=mm&r=g","height":96,"width":96}},"publisher":{"@type":"Organization","name":"nakliv.cz","logo":{"@type":"ImageObject","@id":"\/logo.png","url":"\/logo.png","width":600,"height":60}},"image":{"@type":"ImageObject","@id":"https:\/\/www.nakliv.cz\/wp-content\/uploads\/img_a306341_w2202_t1517488461.jpg","url":"https:\/\/www.nakliv.cz\/wp-content\/uploads\/img_a306341_w2202_t1517488461.jpg","height":0,"width":0},"keywords":null},{"@type":"Article","@id":"https:\/\/www.nakliv.cz\/konec-igelitkam\/","headline":"Konec igelitk\u00e1m","url":"https:\/\/www.nakliv.cz\/konec-igelitkam\/","datePublished":"2017-12-13","dateModified":"2023-05-05","mainEntityOfPage":"https:\/\/www.nakliv.cz\/konec-igelitkam\/","author":{"@type":"Person","@id":"https:\/\/www.nakliv.cz\/author\/#Person","name":"nakliv.cz\n","url":"https:\/\/www.nakliv.cz\/author\/","identifier":1,"image":{"@type":"ImageObject","@id":"https:\/\/secure.gravatar.com\/avatar\/c192bfd1262e8256fe3eac43754b6ece89624ea6667e488d9445cc2d04372644?s=96&d=mm&r=g","url":"https:\/\/secure.gravatar.com\/avatar\/c192bfd1262e8256fe3eac43754b6ece89624ea6667e488d9445cc2d04372644?s=96&d=mm&r=g","height":96,"width":96}},"publisher":{"@type":"Organization","name":"nakliv.cz","logo":{"@type":"ImageObject","@id":"\/logo.png","url":"\/logo.png","width":600,"height":60}},"image":{"@type":"ImageObject","@id":"https:\/\/www.nakliv.cz\/wp-content\/uploads\/img_a316020_w2202_t1526979345.jpg","url":"https:\/\/www.nakliv.cz\/wp-content\/uploads\/img_a316020_w2202_t1526979345.jpg","height":0,"width":0},"keywords":null},{"@type":"Article","@id":"https:\/\/www.nakliv.cz\/vyzrajte-na-pocasi-a-oslavujte-bez-stresu\/","headline":"Vyzrajte na po\u010das\u00ed a oslavujte bez stresu","url":"https:\/\/www.nakliv.cz\/vyzrajte-na-pocasi-a-oslavujte-bez-stresu\/","datePublished":"2017-11-22","dateModified":"2023-05-05","mainEntityOfPage":"https:\/\/www.nakliv.cz\/vyzrajte-na-pocasi-a-oslavujte-bez-stresu\/","author":{"@type":"Person","@id":"https:\/\/www.nakliv.cz\/author\/#Person","name":"nakliv.cz\n","url":"https:\/\/www.nakliv.cz\/author\/","identifier":1,"image":{"@type":"ImageObject","@id":"https:\/\/secure.gravatar.com\/avatar\/c192bfd1262e8256fe3eac43754b6ece89624ea6667e488d9445cc2d04372644?s=96&d=mm&r=g","url":"https:\/\/secure.gravatar.com\/avatar\/c192bfd1262e8256fe3eac43754b6ece89624ea6667e488d9445cc2d04372644?s=96&d=mm&r=g","height":96,"width":96}},"publisher":{"@type":"Organization","name":"nakliv.cz","logo":{"@type":"ImageObject","@id":"\/logo.png","url":"\/logo.png","width":600,"height":60}},"image":{"@type":"ImageObject","@id":"https:\/\/www.nakliv.cz\/wp-content\/uploads\/img_a303048_w2202_t1513151890.png","url":"https:\/\/www.nakliv.cz\/wp-content\/uploads\/img_a303048_w2202_t1513151890.png","height":0,"width":0},"keywords":null},{"@type":"Article","@id":"https:\/\/www.nakliv.cz\/ubytovani-na-dosah-skal\/","headline":"Ubytov\u00e1n\u00ed na dosah skal","url":"https:\/\/www.nakliv.cz\/ubytovani-na-dosah-skal\/","datePublished":"2017-11-12","dateModified":"2023-05-05","mainEntityOfPage":"https:\/\/www.nakliv.cz\/ubytovani-na-dosah-skal\/","author":{"@type":"Person","@id":"https:\/\/www.nakliv.cz\/author\/#Person","name":"nakliv.cz\n","url":"https:\/\/www.nakliv.cz\/author\/","identifier":1,"image":{"@type":"ImageObject","@id":"https:\/\/secure.gravatar.com\/avatar\/c192bfd1262e8256fe3eac43754b6ece89624ea6667e488d9445cc2d04372644?s=96&d=mm&r=g","url":"https:\/\/secure.gravatar.com\/avatar\/c192bfd1262e8256fe3eac43754b6ece89624ea6667e488d9445cc2d04372644?s=96&d=mm&r=g","height":96,"width":96}},"publisher":{"@type":"Organization","name":"nakliv.cz","logo":{"@type":"ImageObject","@id":"\/logo.png","url":"\/logo.png","width":600,"height":60}},"image":{"@type":"ImageObject","@id":"https:\/\/www.nakliv.cz\/wp-content\/uploads\/img_a303016_w2202_t1513073744.jpg","url":"https:\/\/www.nakliv.cz\/wp-content\/uploads\/img_a303016_w2202_t1513073744.jpg","height":0,"width":0},"keywords":null},{"@type":"Article","@id":"https:\/\/www.nakliv.cz\/prace-venku-neni-zadny-med\/","headline":"Pr\u00e1ce venku nen\u00ed \u017e\u00e1dn\u00fd med","url":"https:\/\/www.nakliv.cz\/prace-venku-neni-zadny-med\/","datePublished":"2017-10-17","dateModified":"2023-05-05","mainEntityOfPage":"https:\/\/www.nakliv.cz\/prace-venku-neni-zadny-med\/","author":{"@type":"Person","@id":"https:\/\/www.nakliv.cz\/author\/#Person","name":"nakliv.cz\n","url":"https:\/\/www.nakliv.cz\/author\/","identifier":1,"image":{"@type":"ImageObject","@id":"https:\/\/secure.gravatar.com\/avatar\/c192bfd1262e8256fe3eac43754b6ece89624ea6667e488d9445cc2d04372644?s=96&d=mm&r=g","url":"https:\/\/secure.gravatar.com\/avatar\/c192bfd1262e8256fe3eac43754b6ece89624ea6667e488d9445cc2d04372644?s=96&d=mm&r=g","height":96,"width":96}},"publisher":{"@type":"Organization","name":"nakliv.cz","logo":{"@type":"ImageObject","@id":"\/logo.png","url":"\/logo.png","width":600,"height":60}},"image":{"@type":"ImageObject","@id":"https:\/\/www.nakliv.cz\/wp-content\/uploads\/img_a299642_w2202_t1509535623.jpg","url":"https:\/\/www.nakliv.cz\/wp-content\/uploads\/img_a299642_w2202_t1509535623.jpg","height":0,"width":0},"keywords":null}]}