[{"@context":"https:\/\/schema.org\/","@type":"Article","@id":"https:\/\/www.nakliv.cz\/oriflame\/#Article","mainEntityOfPage":"https:\/\/www.nakliv.cz\/oriflame\/","headline":"Oriflame","name":"Oriflame","description":"\u0158\u00edk\u00e1te si, \u017ee v dne\u0161n\u00ed dob\u011b je b\u00fdt \u00fasp\u011b\u0161n\u00fd nemo\u017en\u00e9? Mysl\u00edte si, \u017ee pokud se dob\u0159e nenarod\u00edte, tak nem\u016f\u017eete vyd\u011blat dost pen\u011bz? Je to naprost\u00fd omyl, sta\u010d\u00ed, kdy\u017e se chop\u00edte p\u0159\u00edle\u017eitosti, kterou V\u00e1m nab\u00edz\u00ed firma Oriflame. Oriflame V na\u0161\u00ed firm\u011b m\u00e1me hned n\u011bkolik velice \u00fasp\u011b\u0161n\u00fdch lid\u00ed, kte\u0159\u00ed za\u010dali pracovat pro Oriflame, jako oby\u010dejn\u00ed prodejci. Vlo\u017eili [&hellip;]","datePublished":"2025-04-04","dateModified":"2025-04-04","author":{"@type":"Person","@id":"https:\/\/www.nakliv.cz\/author\/#Person","name":"nakliv.cz\n","url":"https:\/\/www.nakliv.cz\/author\/","identifier":1,"image":{"@type":"ImageObject","@id":"https:\/\/secure.gravatar.com\/avatar\/c192bfd1262e8256fe3eac43754b6ece89624ea6667e488d9445cc2d04372644?s=96&d=mm&r=g","url":"https:\/\/secure.gravatar.com\/avatar\/c192bfd1262e8256fe3eac43754b6ece89624ea6667e488d9445cc2d04372644?s=96&d=mm&r=g","height":96,"width":96}},"publisher":{"@type":"Organization","name":"nakliv.cz","logo":{"@type":"ImageObject","@id":"\/logo.png","url":"\/logo.png","width":600,"height":60}},"url":"https:\/\/www.nakliv.cz\/oriflame\/","wordCount":179,"articleBody":"\u0158\u00edk\u00e1te si, \u017ee v dne\u0161n\u00ed dob\u011b je b\u00fdt \u00fasp\u011b\u0161n\u00fd nemo\u017en\u00e9? Mysl\u00edte si, \u017ee pokud se dob\u0159e nenarod\u00edte, tak nem\u016f\u017eete vyd\u011blat dost pen\u011bz? Je to naprost\u00fd omyl, sta\u010d\u00ed, kdy\u017e se chop\u00edte p\u0159\u00edle\u017eitosti, kterou V\u00e1m nab\u00edz\u00ed firma Oriflame.OriflameV na\u0161\u00ed firm\u011b m\u00e1me hned n\u011bkolik velice \u00fasp\u011b\u0161n\u00fdch lid\u00ed, kte\u0159\u00ed za\u010dali pracovat pro Oriflame, jako oby\u010dejn\u00ed prodejci. Vlo\u017eili do toho ale \u010das, a zanedlouho se ji\u017e v\u011bt\u0161ina z nich mohla t\u00edmto prodejem \u017eivit na pln\u00fd \u00favazek. Mysl\u00edte si, \u017ee to nen\u00ed mo\u017en\u00e9? Tak si p\u0159e\u010dt\u011bte na na\u0161ich str\u00e1nk\u00e1ch p\u0159\u00edb\u011bhy \u00fasp\u011b\u0161n\u00fdch bu\u010f v elektronick\u00e9 podob\u011b a nebo si m\u016f\u017eete koupit knihu za pouh\u00fdch 79 K\u010d, kde se dozv\u00edte i n\u011bjak\u00e9 rady.velk\u00fd v\u00fdb\u011brV\u011bci z Oriflame se V\u00e1m budou velice dob\u0159e prod\u00e1vat, jeliko\u017e m\u00e1me velk\u00fd v\u00fdb\u011br r\u016fzn\u00fdch kosmetick\u00fdch v\u00fdrobk\u016f.                                                                                                                                                                                                                                                                                                                                                                                                "},{"@context":"https:\/\/schema.org\/","@type":"BreadcrumbList","itemListElement":[{"@type":"ListItem","position":1,"name":"Oriflame","item":"https:\/\/www.nakliv.cz\/oriflame\/#breadcrumbitem"}]}]