[{"@context":"https:\/\/schema.org\/","@type":"Article","@id":"https:\/\/www.nakliv.cz\/prestizni-vystava\/#Article","mainEntityOfPage":"https:\/\/www.nakliv.cz\/prestizni-vystava\/","headline":"Presti\u017en\u00ed v\u00fdstava","name":"Presti\u017en\u00ed v\u00fdstava","description":"Ka\u017edoro\u010dn\u011b se kon\u00e1 po cel\u00e9m sv\u011bt\u011b nekone\u010dn\u00e1 \u0159ada veletrh\u016f, v\u00fdstav a p\u0159edv\u00e1d\u011bc\u00edch akc\u00ed p\u0159\u00edstupn\u00fdch ve\u0159ejnosti jak laick\u00e9, tak i odborn\u00e9. Pro p\u0159\u00edznivce automobilov\u00e9 dopravy a v\u0161eho, co se j\u00ed p\u0159\u00edmo i nep\u0159\u00edmo t\u00fdk\u00e1, je prioritou ten, kter\u00fd nab\u00edz\u00ed k nahl\u00e9dnut\u00ed v\u0161e nov\u00e9, co m\u00e1 co do \u010din\u011bn\u00ed s dopravou a n\u00e1kladn\u00edmi vozy . Ka\u017ed\u00fd rok [&hellip;]","datePublished":"2018-08-03","dateModified":"2023-05-05","author":{"@type":"Person","@id":"https:\/\/www.nakliv.cz\/author\/#Person","name":"nakliv.cz\n","url":"https:\/\/www.nakliv.cz\/author\/","identifier":1,"image":{"@type":"ImageObject","@id":"https:\/\/secure.gravatar.com\/avatar\/c192bfd1262e8256fe3eac43754b6ece89624ea6667e488d9445cc2d04372644?s=96&d=mm&r=g","url":"https:\/\/secure.gravatar.com\/avatar\/c192bfd1262e8256fe3eac43754b6ece89624ea6667e488d9445cc2d04372644?s=96&d=mm&r=g","height":96,"width":96}},"publisher":{"@type":"Organization","name":"nakliv.cz","logo":{"@type":"ImageObject","@id":"\/logo.png","url":"\/logo.png","width":600,"height":60}},"image":{"@type":"ImageObject","@id":"https:\/\/www.nakliv.cz\/wp-content\/uploads\/img_a323206_w2202_t1534965181.jpg","url":"https:\/\/www.nakliv.cz\/wp-content\/uploads\/img_a323206_w2202_t1534965181.jpg","height":0,"width":0},"url":"https:\/\/www.nakliv.cz\/prestizni-vystava\/","about":["Kultura"],"wordCount":385,"articleBody":" Ka\u017edoro\u010dn\u011b se kon\u00e1 po cel\u00e9m sv\u011bt\u011b nekone\u010dn\u00e1 \u0159ada veletrh\u016f, v\u00fdstav a p\u0159edv\u00e1d\u011bc\u00edch akc\u00ed p\u0159\u00edstupn\u00fdch ve\u0159ejnosti jak laick\u00e9, tak i odborn\u00e9. Pro p\u0159\u00edznivce automobilov\u00e9 dopravy a v\u0161eho, co se j\u00ed p\u0159\u00edmo i nep\u0159\u00edmo t\u00fdk\u00e1, je prioritou ten, kter\u00fd nab\u00edz\u00ed k nahl\u00e9dnut\u00ed v\u0161e nov\u00e9, co m\u00e1 co do \u010din\u011bn\u00ed s dopravou a n\u00e1kladn\u00edmi vozy  . Ka\u017ed\u00fd rok se tento veletrh kon\u00e1 v jin\u00e9 zemi, v leto\u0161n\u00edm roce se uskute\u010dn\u00ed 9. listopadu a\u017e 11. listopadu v sam\u00e9m srdci Evropy, tedy v Praze. A milovn\u00edci automobil\u016f si opravdu p\u0159ijdou na sv\u00e9 a maj\u00ed se na co t\u011b\u0161it. Pod n\u00e1zvem TRANSPORT EXPO 2018 (v\u00fdstavn\u00ed are\u00e1l v Praze Let\u0148anech) zde budete moci shl\u00e9dnout vozidla a autobusy a v\u0161e, co s jejich provozem souvis\u00ed a v\u011b\u0159te tomu, \u017ee bude na co se d\u00edvat. Prodejci a firmy zaob\u00edraj\u00edc\u00ed se v\u00fdrobou automobil\u016f nab\u00eddnou n\u00e1v\u0161t\u011bvn\u00edk\u016fm \u017ehav\u00e9 novinky v t\u00e9to oblasti. Milovn\u00edci star\u0161\u00edch voz\u016f si tak\u00e9 p\u0159ijdou na sv\u00e9, krom\u011b modern\u00edch technicky t\u00e9m\u011b\u0159 dokonal\u00fdch voz\u016f budou vystaveny i kousky, kter\u00e9 u\u017e n\u011bco pamatuj\u00ed. Dal\u0161\u00edmi vystavovateli, kte\u0159\u00ed budou \u0161irok\u00e9 ve\u0159ejnosti prezentovat sv\u00e9 produkty, budou spole\u010dnosti vyr\u00e1b\u011bj\u00edc\u00ed n\u00e1hradn\u00ed d\u00edly, pneumatiky, maziva a servisn\u00ed vybaven\u00ed. Vzd\u011blat se budete moci tak\u00e9 v oblasti provozu, gar\u00e1\u017eov\u00e9 techniky, z\u00edsk\u00e1te informace t\u00fdkaj\u00edc\u00ed se poji\u0161t\u011bn\u00ed \u010di p\u0159\u00edpadn\u00e9ho financov\u00e1n\u00ed a ti, kte\u0159\u00ed by m\u011bli chu\u0165 za\u010d\u00edt v tomto oboru pracovat, zde mohou potkat svoji \u017eivotn\u00ed \u0161anci v podob\u011b nov\u00e9ho a perspektivn\u00e9ho zam\u011bstn\u00e1n\u00ed.  Krom\u011b toho, \u017ee budete moci shl\u00e9dnout nov\u00e9 modely, bude cel\u00fd veletrh doprov\u00e1zen nab\u00eddkou r\u016fzn\u00fdch konferenc\u00ed nejen pro specialisty v tomto oboru, ale tak\u00e9 pro \u0161irokou laickou ve\u0159ejnost.  Veletrh by tak\u00e9 m\u011bl nast\u00ednit, jak\u00fdm sm\u011brem se bude do budoucna ub\u00edrat automobilov\u00fd pr\u016fmysl a na jak\u00e9 zm\u011bny a novinky se v budoucnu m\u016f\u017eeme t\u011b\u0161it a jak to na na\u0161ich silnic\u00edch v n\u00e1sleduj\u00edc\u00edch letech bude vypadat.                                                                                                                                                                                                                                                                                                                                                                                           3.5\/5 - (6 votes)        "},{"@context":"https:\/\/schema.org\/","@type":"BreadcrumbList","itemListElement":[{"@type":"ListItem","position":1,"name":"Presti\u017en\u00ed v\u00fdstava","item":"https:\/\/www.nakliv.cz\/prestizni-vystava\/#breadcrumbitem"}]}]